{"id":1081,"date":"2024-04-02T12:26:05","date_gmt":"2024-04-02T12:26:05","guid":{"rendered":"https:\/\/klimawelt.webmind.de\/cms\/?p=1081"},"modified":"2024-04-03T08:42:01","modified_gmt":"2024-04-03T08:42:01","slug":"projektstart-gemeinde-steinhoering","status":"publish","type":"post","link":"https:\/\/klimawelt.webmind.de\/cms\/projektstart-gemeinde-steinhoering\/","title":{"rendered":"Projektstart Gemeinde Steinh\u00f6ring"},"content":{"rendered":"<p>Am Donnerstag, den 04.04. startet das Projekt Klima-Welt in der Gemeinde Steinh\u00f6ring, Landkreis Ebersberg, mit einem Auftakttermin um 19:30 Uhr im Rathaus. Mit dem Projekt sollen Ziele und L\u00f6sungen zum Klimaschutz gemeinschaftlich vor Ort entwickelt werden f\u00fcr einen modernen, klimafreundlichen Lebensstil, Sicherung von Arbeitspl\u00e4tzen und hohe Lebensqualit\u00e4t.<\/p>\n<p>An vier weiteren Themenabenden bis Anfang 2025 werden dann die Schwerpunktthemen Mobilit\u00e4t, Wohnen, Ern\u00e4hrung, kommunale Planung, Gemeinschaft und unternehmerische Innovation bearbeitet. So soll Klimaschutz pragmatisch und gemeinschaftlich vor Ort gelingen.<\/p>\n","protected":false},"excerpt":{"rendered":"<p>Am Donnerstag, den 04.04. startet das Projekt Klima-Welt in der Gemeinde Steinh\u00f6ring, Landkreis Ebersberg, mit einem Auftakttermin um 19:30 Uhr im Rathaus. Mit dem Projekt sollen Ziele und L\u00f6sungen zum Klimaschutz gemeinschaftlich vor Ort entwickelt werden f\u00fcr einen modernen, klimafreundlichen Lebensstil, Sicherung von Arbeitspl\u00e4tzen und hohe Lebensqualit\u00e4t. An vier weiteren Themenabenden bis Anfang 2025 werden&#8230;<\/p>\n","protected":false},"author":3,"featured_media":1123,"comment_status":"open","ping_status":"open","sticky":false,"template":"","format":"standard","meta":{"_acf_changed":false,"footnotes":""},"categories":[65],"tags":[],"class_list":["post-1081","post","type-post","status-publish","format-standard","has-post-thumbnail","hentry","category-kommune"],"acf":[],"_links":{"self":[{"href":"https:\/\/klimawelt.webmind.de\/cms\/wp-json\/wp\/v2\/posts\/1081","targetHints":{"allow":["GET"]}}],"collection":[{"href":"https:\/\/klimawelt.webmind.de\/cms\/wp-json\/wp\/v2\/posts"}],"about":[{"href":"https:\/\/klimawelt.webmind.de\/cms\/wp-json\/wp\/v2\/types\/post"}],"author":[{"embeddable":true,"href":"https:\/\/klimawelt.webmind.de\/cms\/wp-json\/wp\/v2\/users\/3"}],"replies":[{"embeddable":true,"href":"https:\/\/klimawelt.webmind.de\/cms\/wp-json\/wp\/v2\/comments?post=1081"}],"version-history":[{"count":2,"href":"https:\/\/klimawelt.webmind.de\/cms\/wp-json\/wp\/v2\/posts\/1081\/revisions"}],"predecessor-version":[{"id":1118,"href":"https:\/\/klimawelt.webmind.de\/cms\/wp-json\/wp\/v2\/posts\/1081\/revisions\/1118"}],"wp:featuredmedia":[{"embeddable":true,"href":"https:\/\/klimawelt.webmind.de\/cms\/wp-json\/wp\/v2\/media\/1123"}],"wp:attachment":[{"href":"https:\/\/klimawelt.webmind.de\/cms\/wp-json\/wp\/v2\/media?parent=1081"}],"wp:term":[{"taxonomy":"category","embeddable":true,"href":"https:\/\/klimawelt.webmind.de\/cms\/wp-json\/wp\/v2\/categories?post=1081"},{"taxonomy":"post_tag","embeddable":true,"href":"https:\/\/klimawelt.webmind.de\/cms\/wp-json\/wp\/v2\/tags?post=1081"}],"curies":[{"name":"wp","href":"https:\/\/api.w.org\/{rel}","templated":true}]}}